{"id":756,"date":"2017-10-13T17:06:18","date_gmt":"2017-10-13T15:06:18","guid":{"rendered":"http:\/\/airport-pula.hr\/?p=756"},"modified":"2017-10-13T17:06:18","modified_gmt":"2017-10-13T15:06:18","slug":"project-adriaair","status":"publish","type":"post","link":"https:\/\/airport-pula.hr\/en\/project-adriaair\/","title":{"rendered":"Project ADRIAAIR"},"content":{"rendered":"<p class=\"kratkiClanak\">Project \u201dAirport Security and Air Taxi Network in the Adriatic (ADRIAIR)\u201c &#8211; Press release<\/p>\n<p>Projekt prekograni\u010dne suradnje \u201dAirport Security and Air Taxi Network in the Adriatic (ADRIAIR)\u201c u kojem Zra\u010dna luka Pula d.o.o. sudjeluje kao partner zapo\u010deo je krajem 2012. godine, uz financijsku podr\u0161ku Europske unije iz Programa IPA, komponenta II \u2013 Jadranska prekograni\u010dna suradnja.<br \/>\nProjekt je pokrenut kako bi se ostvarila dva primarna cilja, a to su: stvaranje potrebnih preduvjeta za uspostavljanje letova izme\u0111u dviju obala Jadranskog mora, te pobolj\u0161anje sigurnosnih standarda zra\u010dnih luka uklju\u010denih u projekt.<br \/>\nUz Op\u0107inu Forl\u00ec \u2013Cesena, kao nositelja projekta, u projektu sudjeluju partneri iz Hrvatske, Italije, Bosne i Hercegovine te Albanije. Hrvatske partnere predstavljaju sljede\u0107e zra\u010dne luke: Pula, Rijeka i Dubrovnik.<br \/>\nUkupna vrijednost projekta iznosi\u00a0<strong>1.514.012,43<\/strong>\u00a0<strong>\u20ac (oko 11.500.000,00 kn),<\/strong>\u00a0od \u010dega se na Zra\u010dnu luku Pula odnosi\u00a0<strong>115.360,00<\/strong>\u00a0<strong>\u20ac,\u00a0<\/strong>odnosno oko<strong>\u00a0870.000,00 kn<\/strong><\/p>\n<p>Tijekom razvoja i realizacije projekta ADRIAIR u proteklih godinu dana Zra\u010dna luka Pula sudjelovala je na koordinacijskim sastancima koji su odr\u017eani u Tirani, Banja Luci i Dubrovniku.<br \/>\nU regijama partnera projekta, provedena su istra\u017eivanja na podru\u010dju marketinga i za\u0161tite, a nakon detaljne analize dobivenih podataka, donesene su mjere o potrebnim edukacijama zaposlenika, kako bi se pove\u0107ao marketin\u0161ki potencijal regija kao i pove\u0107ala razina za\u0161tite na partnerskim zra\u010dnim lukama.<br \/>\nU sklopu implementacije projekta ADRIAIR Zra\u010dna luka Pula financirala je prilagodbu prostora me\u0111unarodnog dolaska putnika za budu\u0107e potrebe Schengenske, odnosno Non Schengenske zone dolaska putnika unutar postoje\u0107eg putni\u010dkog terminala.<br \/>\nNakon adaptacije prostora me\u0111unarodnog dolaska putnika, fizi\u010dki su razdvojena dva putni\u010dka toka, od kojih \u0107e jedan biti namijenjen za dolazak putnika iz Schengenske zone, a drugi za dolazak putnika izvan Schengenske zone.<br \/>\nOvaj projekt vrlo je zna\u010dajan za Zra\u010dnu luku Pula, jer osim spomenute prilagodbe za budu\u0107e potrebe zra\u010dnog prometa EU \u010dlanice, postavljen je temelj za novi oblik zra\u010dnog prometa, Aero Taxi promet, koji dosad nije bio zastupljen u \u0161iroj regiji niti na Zra\u010dnoj luci Pula.<br \/>\nSvrha Aero taxi prometa je manjim zrakoplovima, u pravilu do 15 sjedi\u0161ta, brzo i direktno povezivati dva \u017eeljena odredi\u0161ta.<br \/>\nPlanirani zavr\u0161etak projekta ADRIAIR, o\u010dekuje se u lipnju 2015.g.<br \/>\nSlu\u017ebeni obrazac priop\u0107enja za medije mo\u017eete preuzeti <strong><a href=\"http:\/\/www.airport-pula.hr\/UserDocsImages\/Novosti\/2014\/PRESS%20RELEASE%20-%202.pdf\" data-fileid=\"544\">HERE<\/a>.<\/strong><\/p>\n<p>Iz medija: <a href=\"http:\/\/www.glasistre.hr\/vijesti\/pula_istra\/od-iduce-godine-avionski-taxi-od-ravenne-do-pule-460466\"><strong>Glas Istre<\/strong><\/a> , <a href=\"http:\/\/www.ipress.hr\/istra\/zracna-luka-pula-priprema-se-za-schengen-33347.html\"><strong>Ipress<\/strong><\/a><\/p>\n","protected":false},"excerpt":{"rendered":"<p>Project \u201dAirport Security and Air Taxi Network in the Adriatic (ADRIAIR)\u201c &#8211;&#8230;<\/p>\n","protected":false},"author":1,"featured_media":0,"comment_status":"closed","ping_status":"closed","sticky":false,"template":"","format":"standard","meta":{"footnotes":""},"categories":[29],"tags":[],"class_list":["post-756","post","type-post","status-publish","format-standard","hentry","category-uncategorized"],"yoast_head":"<!-- This site is optimized with the Yoast SEO plugin v27.4 - https:\/\/yoast.com\/product\/yoast-seo-wordpress\/ -->\n<title>Project ADRIAAIR - Airport Pula<\/title>\n<meta name=\"robots\" content=\"index, follow, max-snippet:-1, max-image-preview:large, max-video-preview:-1\" \/>\n<link rel=\"canonical\" href=\"https:\/\/airport-pula.hr\/en\/project-adriaair\/\" \/>\n<meta property=\"og:locale\" content=\"en_US\" \/>\n<meta property=\"og:type\" content=\"article\" \/>\n<meta property=\"og:title\" content=\"Project ADRIAAIR - Airport Pula\" \/>\n<meta property=\"og:description\" content=\"Project \u201dAirport Security and Air Taxi Network in the Adriatic (ADRIAIR)\u201c &#8211;...\" \/>\n<meta property=\"og:url\" content=\"https:\/\/airport-pula.hr\/en\/project-adriaair\/\" \/>\n<meta property=\"og:site_name\" content=\"Airport Pula\" \/>\n<meta property=\"article:publisher\" content=\"https:\/\/www.facebook.com\/Pulaairport\" \/>\n<meta property=\"article:published_time\" content=\"2017-10-13T15:06:18+00:00\" \/>\n<meta name=\"author\" content=\"admin\" \/>\n<meta name=\"twitter:card\" content=\"summary_large_image\" \/>\n<meta name=\"twitter:label1\" content=\"Written by\" \/>\n\t<meta name=\"twitter:data1\" content=\"admin\" \/>\n\t<meta name=\"twitter:label2\" content=\"Est. reading time\" \/>\n\t<meta name=\"twitter:data2\" content=\"2 minutes\" \/>\n<script type=\"application\/ld+json\" class=\"yoast-schema-graph\">{\"@context\":\"https:\\\/\\\/schema.org\",\"@graph\":[{\"@type\":\"Article\",\"@id\":\"https:\\\/\\\/airport-pula.hr\\\/en\\\/project-adriaair\\\/#article\",\"isPartOf\":{\"@id\":\"https:\\\/\\\/airport-pula.hr\\\/en\\\/project-adriaair\\\/\"},\"author\":{\"name\":\"admin\",\"@id\":\"https:\\\/\\\/airport-pula.hr\\\/#\\\/schema\\\/person\\\/ec973ff55d5c0bdcefb3c52f709fcb92\"},\"headline\":\"Project ADRIAAIR\",\"datePublished\":\"2017-10-13T15:06:18+00:00\",\"mainEntityOfPage\":{\"@id\":\"https:\\\/\\\/airport-pula.hr\\\/en\\\/project-adriaair\\\/\"},\"wordCount\":393,\"inLanguage\":\"en-US\"},{\"@type\":\"WebPage\",\"@id\":\"https:\\\/\\\/airport-pula.hr\\\/en\\\/project-adriaair\\\/\",\"url\":\"https:\\\/\\\/airport-pula.hr\\\/en\\\/project-adriaair\\\/\",\"name\":\"Project ADRIAAIR - Airport Pula\",\"isPartOf\":{\"@id\":\"https:\\\/\\\/airport-pula.hr\\\/#website\"},\"datePublished\":\"2017-10-13T15:06:18+00:00\",\"author\":{\"@id\":\"https:\\\/\\\/airport-pula.hr\\\/#\\\/schema\\\/person\\\/ec973ff55d5c0bdcefb3c52f709fcb92\"},\"breadcrumb\":{\"@id\":\"https:\\\/\\\/airport-pula.hr\\\/en\\\/project-adriaair\\\/#breadcrumb\"},\"inLanguage\":\"en-US\",\"potentialAction\":[{\"@type\":\"ReadAction\",\"target\":[\"https:\\\/\\\/airport-pula.hr\\\/en\\\/project-adriaair\\\/\"]}]},{\"@type\":\"BreadcrumbList\",\"@id\":\"https:\\\/\\\/airport-pula.hr\\\/en\\\/project-adriaair\\\/#breadcrumb\",\"itemListElement\":[{\"@type\":\"ListItem\",\"position\":1,\"name\":\"Home\",\"item\":\"https:\\\/\\\/airport-pula.hr\\\/en\\\/\"},{\"@type\":\"ListItem\",\"position\":2,\"name\":\"Project ADRIAAIR\"}]},{\"@type\":\"WebSite\",\"@id\":\"https:\\\/\\\/airport-pula.hr\\\/#website\",\"url\":\"https:\\\/\\\/airport-pula.hr\\\/\",\"name\":\"Airport Pula\",\"description\":\"Zra\u010dna luka Pula Hrvatska\",\"potentialAction\":[{\"@type\":\"SearchAction\",\"target\":{\"@type\":\"EntryPoint\",\"urlTemplate\":\"https:\\\/\\\/airport-pula.hr\\\/?s={search_term_string}\"},\"query-input\":{\"@type\":\"PropertyValueSpecification\",\"valueRequired\":true,\"valueName\":\"search_term_string\"}}],\"inLanguage\":\"en-US\"},{\"@type\":\"Person\",\"@id\":\"https:\\\/\\\/airport-pula.hr\\\/#\\\/schema\\\/person\\\/ec973ff55d5c0bdcefb3c52f709fcb92\",\"name\":\"admin\",\"image\":{\"@type\":\"ImageObject\",\"inLanguage\":\"en-US\",\"@id\":\"https:\\\/\\\/secure.gravatar.com\\\/avatar\\\/50b6c6ecd88b3faee14342bf84a290912722efa292eb8697fd42df6d0d2fa423?s=96&d=mm&r=g\",\"url\":\"https:\\\/\\\/secure.gravatar.com\\\/avatar\\\/50b6c6ecd88b3faee14342bf84a290912722efa292eb8697fd42df6d0d2fa423?s=96&d=mm&r=g\",\"contentUrl\":\"https:\\\/\\\/secure.gravatar.com\\\/avatar\\\/50b6c6ecd88b3faee14342bf84a290912722efa292eb8697fd42df6d0d2fa423?s=96&d=mm&r=g\",\"caption\":\"admin\"}}]}<\/script>\n<!-- \/ Yoast SEO plugin. -->","yoast_head_json":{"title":"Project ADRIAAIR - Airport Pula","robots":{"index":"index","follow":"follow","max-snippet":"max-snippet:-1","max-image-preview":"max-image-preview:large","max-video-preview":"max-video-preview:-1"},"canonical":"https:\/\/airport-pula.hr\/en\/project-adriaair\/","og_locale":"en_US","og_type":"article","og_title":"Project ADRIAAIR - Airport Pula","og_description":"Project \u201dAirport Security and Air Taxi Network in the Adriatic (ADRIAIR)\u201c &#8211;...","og_url":"https:\/\/airport-pula.hr\/en\/project-adriaair\/","og_site_name":"Airport Pula","article_publisher":"https:\/\/www.facebook.com\/Pulaairport","article_published_time":"2017-10-13T15:06:18+00:00","author":"admin","twitter_card":"summary_large_image","twitter_misc":{"Written by":"admin","Est. reading time":"2 minutes"},"schema":{"@context":"https:\/\/schema.org","@graph":[{"@type":"Article","@id":"https:\/\/airport-pula.hr\/en\/project-adriaair\/#article","isPartOf":{"@id":"https:\/\/airport-pula.hr\/en\/project-adriaair\/"},"author":{"name":"admin","@id":"https:\/\/airport-pula.hr\/#\/schema\/person\/ec973ff55d5c0bdcefb3c52f709fcb92"},"headline":"Project ADRIAAIR","datePublished":"2017-10-13T15:06:18+00:00","mainEntityOfPage":{"@id":"https:\/\/airport-pula.hr\/en\/project-adriaair\/"},"wordCount":393,"inLanguage":"en-US"},{"@type":"WebPage","@id":"https:\/\/airport-pula.hr\/en\/project-adriaair\/","url":"https:\/\/airport-pula.hr\/en\/project-adriaair\/","name":"Project ADRIAAIR - Airport Pula","isPartOf":{"@id":"https:\/\/airport-pula.hr\/#website"},"datePublished":"2017-10-13T15:06:18+00:00","author":{"@id":"https:\/\/airport-pula.hr\/#\/schema\/person\/ec973ff55d5c0bdcefb3c52f709fcb92"},"breadcrumb":{"@id":"https:\/\/airport-pula.hr\/en\/project-adriaair\/#breadcrumb"},"inLanguage":"en-US","potentialAction":[{"@type":"ReadAction","target":["https:\/\/airport-pula.hr\/en\/project-adriaair\/"]}]},{"@type":"BreadcrumbList","@id":"https:\/\/airport-pula.hr\/en\/project-adriaair\/#breadcrumb","itemListElement":[{"@type":"ListItem","position":1,"name":"Home","item":"https:\/\/airport-pula.hr\/en\/"},{"@type":"ListItem","position":2,"name":"Project ADRIAAIR"}]},{"@type":"WebSite","@id":"https:\/\/airport-pula.hr\/#website","url":"https:\/\/airport-pula.hr\/","name":"Airport Pula","description":"Zra\u010dna luka Pula Hrvatska","potentialAction":[{"@type":"SearchAction","target":{"@type":"EntryPoint","urlTemplate":"https:\/\/airport-pula.hr\/?s={search_term_string}"},"query-input":{"@type":"PropertyValueSpecification","valueRequired":true,"valueName":"search_term_string"}}],"inLanguage":"en-US"},{"@type":"Person","@id":"https:\/\/airport-pula.hr\/#\/schema\/person\/ec973ff55d5c0bdcefb3c52f709fcb92","name":"admin","image":{"@type":"ImageObject","inLanguage":"en-US","@id":"https:\/\/secure.gravatar.com\/avatar\/50b6c6ecd88b3faee14342bf84a290912722efa292eb8697fd42df6d0d2fa423?s=96&d=mm&r=g","url":"https:\/\/secure.gravatar.com\/avatar\/50b6c6ecd88b3faee14342bf84a290912722efa292eb8697fd42df6d0d2fa423?s=96&d=mm&r=g","contentUrl":"https:\/\/secure.gravatar.com\/avatar\/50b6c6ecd88b3faee14342bf84a290912722efa292eb8697fd42df6d0d2fa423?s=96&d=mm&r=g","caption":"admin"}}]}},"_links":{"self":[{"href":"https:\/\/airport-pula.hr\/en\/wp-json\/wp\/v2\/posts\/756","targetHints":{"allow":["GET"]}}],"collection":[{"href":"https:\/\/airport-pula.hr\/en\/wp-json\/wp\/v2\/posts"}],"about":[{"href":"https:\/\/airport-pula.hr\/en\/wp-json\/wp\/v2\/types\/post"}],"author":[{"embeddable":true,"href":"https:\/\/airport-pula.hr\/en\/wp-json\/wp\/v2\/users\/1"}],"replies":[{"embeddable":true,"href":"https:\/\/airport-pula.hr\/en\/wp-json\/wp\/v2\/comments?post=756"}],"version-history":[{"count":1,"href":"https:\/\/airport-pula.hr\/en\/wp-json\/wp\/v2\/posts\/756\/revisions"}],"predecessor-version":[{"id":757,"href":"https:\/\/airport-pula.hr\/en\/wp-json\/wp\/v2\/posts\/756\/revisions\/757"}],"wp:attachment":[{"href":"https:\/\/airport-pula.hr\/en\/wp-json\/wp\/v2\/media?parent=756"}],"wp:term":[{"taxonomy":"category","embeddable":true,"href":"https:\/\/airport-pula.hr\/en\/wp-json\/wp\/v2\/categories?post=756"},{"taxonomy":"post_tag","embeddable":true,"href":"https:\/\/airport-pula.hr\/en\/wp-json\/wp\/v2\/tags?post=756"}],"curies":[{"name":"wp","href":"https:\/\/api.w.org\/{rel}","templated":true}]}}